{"id":2182,"date":"2022-12-29T15:50:58","date_gmt":"2022-12-29T12:50:58","guid":{"rendered":"https:\/\/estepolhair.com\/?p=2182"},"modified":"2023-02-03T11:56:09","modified_gmt":"2023-02-03T08:56:09","slug":"a-maneira-mais-eficaz-de-tratar-a-queda-de-cabelo","status":"publish","type":"post","link":"https:\/\/estepolhair.com\/pt-pt\/a-maneira-mais-eficaz-de-tratar-a-queda-de-cabelo\/","title":{"rendered":"A maneira mais eficaz de tratar a queda de cabelo"},"content":{"rendered":"<p>A perda de cabelo di\u00e1ria \u00e9 uma ocorr\u00eancia natural. Voc\u00ea pode notar queda de cabelo na escova enquanto penteia, no travesseiro ou no chuveiro. Isso faz parte do processo de renova\u00e7\u00e3o do cabelo, pois novos fol\u00edculos crescem para substituir os fol\u00edculos perdidos, mas esse processo pode ser interrompido por raz\u00f5es gen\u00e9ticas, resultando em calv\u00edcie. A queda de cabelo pode ser heredit\u00e1ria ou causada por falta de vitaminas ou altera\u00e7\u00f5es hormonais, resultando no aparecimento de calv\u00edcie circulares no couro cabeludo.<\/p>\n<p>&nbsp;<\/p>\n<p>A queda de cabelo \u00e9 um problema comum em homens e mulheres, e n\u00e3o existe uma idade espec\u00edfica para isso, mas causa perda de autoconfian\u00e7a e sensa\u00e7\u00e3o de insatisfa\u00e7\u00e3o, ent\u00e3o qual \u00e9 o melhor tratamento para queda de cabelo? E como o Estapol Hair pode te ajudar a restaurar a densidade e a beleza do seu cabelo?<\/p>\n<p>Este artigo abordar\u00e1 os seguintes t\u00f3picos:<\/p>\n<p>1- A explica\u00e7\u00e3o m\u00e9dica para o problema da queda de cabelo<\/p>\n<p>2- Causas da queda de cabelo<\/p>\n<p>3- Op\u00e7\u00f5es de tratamento para queda de cabelo<\/p>\n<p>4- Estapol Hair Laser Hair Loss Treatment<\/p>\n<p>5- Transplante de cabelo para tratamento de queda de cabelo na Turquia<\/p>\n<h2><strong>Perda de cabelo<\/strong><\/h2>\n<p>O cabelo cai naturalmente como resultado do seu processo de renova\u00e7\u00e3o, pois 50 a 100 fios caem por dia, ap\u00f3s o que surgem novos fios e assim por diante. No entanto, quando a taxa de perda de cabelo ultrapassa 150 fios por dia, ou quando a densidade do cabelo diminui significativamente, resultando no aparecimento de cavidades, a situa\u00e7\u00e3o torna-se perigosa e requer interven\u00e7\u00e3o m\u00e9dica imediata.<\/p>\n<h2><strong>Causas da queda de cabelo<\/strong><\/h2>\n<p><img loading=\"lazy\" decoding=\"async\" class=\"alignnone size-full wp-image-2676\" src=\"https:\/\/estepolhair.com\/wp-content\/uploads\/2022\/12\/hair-loss-reasons.jpg\" alt=\"hair loss reasons\" width=\"1337\" height=\"440\" srcset=\"https:\/\/estepolhair.com\/wp-content\/uploads\/2022\/12\/hair-loss-reasons.jpg 1337w, https:\/\/estepolhair.com\/wp-content\/uploads\/2022\/12\/hair-loss-reasons-300x99.jpg 300w, https:\/\/estepolhair.com\/wp-content\/uploads\/2022\/12\/hair-loss-reasons-1024x337.jpg 1024w, https:\/\/estepolhair.com\/wp-content\/uploads\/2022\/12\/hair-loss-reasons-768x253.jpg 768w\" sizes=\"auto, (max-width: 1337px) 100vw, 1337px\" \/><\/p>\n<p>As causas da queda de cabelo diferem, pois alguns estudos sugerem que a causa varia de pessoa para pessoa, mas, em geral, o problema da queda de cabelo pode ser causado por v\u00e1rios fatores, sendo os mais importantes:<\/p>\n<ol>\n<li>Gen\u00e9tica: \u00c9 a raz\u00e3o mais prevalente que levou \u00e0 calv\u00edcie gen\u00e9tica. A \u00fanica solu\u00e7\u00e3o para esse tipo \u00e9 fazer um transplante de cabelo.<\/li>\n<li>Aplicar cosm\u00e9ticos nocivos ao cabelo: como tintas de cabelo de baixa qualidade ou usar materiais que alisam ou enrolam o cabelo sob altas temperaturas e produtos qu\u00edmicos fortes que o cabelo n\u00e3o tolera.<\/li>\n<li>O estresse e a tens\u00e3o psicol\u00f3gica podem causar queda de cabelo em algumas pessoas devido \u00e0s duras condi\u00e7\u00f5es de vida ou press\u00f5es de trabalho, mas \u00e9 apenas tempor\u00e1rio.<\/li>\n<li>Falta de algumas vitaminas e minerais no corpo, dist\u00farbios hormonais, especialmente para mulheres ap\u00f3s o parto<\/li>\n<li>Uso de alguns medicamentos, como medicamentos contra o c\u00e2ncer.<\/li>\n<li>A queda de cabelo \u00e9 um dos sintomas de v\u00e1rias doen\u00e7as, incluindo alopecia, diabetes, anemia e ov\u00e1rios polic\u00edsticos.<\/li>\n<li>Certos medicamentos, como medicamentos para tratamento de c\u00e2ncer, anticoagulantes, medicamentos para press\u00e3o arterial e para o cora\u00e7\u00e3o e p\u00edlulas anticoncepcionais, s\u00e3o usados.<\/li>\n<li>Pr\u00e1ticas incorretas de cuidados com os cabelos: como pentear errado e secar continuamente<\/li>\n<\/ol>\n<p>&nbsp;<\/p>\n<p>Some vitamins and minerals, such as vitamin D, zinc, iron, and protein, are deficient in the body. A hereditariedade \u00e9 a causa mais comum de calv\u00edcie heredit\u00e1ria. Um transplante de cabelo \u00e9 a \u00fanica op\u00e7\u00e3o para esta condi\u00e7\u00e3o.<\/p>\n<p>Usar cosm\u00e9ticos nocivos no cabelo, como tintas de cabelo de baixa qualidade ou materiais que alisam ou enrolam o cabelo em altas temperaturas, bem como produtos qu\u00edmicos fortes que o cabelo n\u00e3o tolera.<\/p>\n<p>A press\u00e3o e a tens\u00e3o psicol\u00f3gica podem causar queda de cabelo em algumas pessoas devido \u00e0s duras condi\u00e7\u00f5es de vida ou press\u00f5es de trabalho, mas \u00e9 apenas tempor\u00e1rio.<\/p>\n<p>&nbsp;<\/p>\n<p>Algumas vitaminas e minerais, como vitamina D, zinco, ferro e prote\u00ednas, s\u00e3o deficientes no corpo.<\/p>\n<p>A queda de cabelo \u00e9 um dos sintomas de v\u00e1rias doen\u00e7as, incluindo alopecia, diabetes, anemia e ov\u00e1rios polic\u00edsticos.<\/p>\n<h2><strong>Como eu trato a queda de cabelo?<\/strong><\/h2>\n<p>Em alguns casos, a interven\u00e7\u00e3o m\u00e9dica pode n\u00e3o ser capaz de parar ou regenerar o cabelo. Com isso, algumas pessoas podem procurar tratamento em centros m\u00e9dicos especializados para encontrar uma solu\u00e7\u00e3o r\u00e1pida, simples e de longo prazo. No Estapol Hair Center, temos duas op\u00e7\u00f5es para lidar com a queda de cabelo: tratamento a laser para queda de cabelo ou transplante capilar. Quais s\u00e3o as especificidades, vantagens e desvantagens de cada m\u00e9todo?<\/p>\n<h2><strong>Tratamento para queda de cabelo a laser<\/strong><\/h2>\n<p>O tratamento de queda de cabelo a laser \u00e9 um dos m\u00e9todos usados \u200b\u200bpor m\u00e9dicos e pacientes para promover o crescimento do cabelo e induzir os fol\u00edculos a se reproduzirem sem a necessidade de interven\u00e7\u00e3o cir\u00fargica. Os lasers aplicados nas \u00e1reas a serem tratadas penetram na pele e atuam estimulando os fol\u00edculos pilosos inativos, acelerando a circula\u00e7\u00e3o sangu\u00ednea. O que, por sua vez, leva ao crescimento de novos fol\u00edculos pilosos<\/p>\n<p>de forma mais forte e densa.<\/p>\n<p>O protocolo de tratamento capilar a laser \u00e9 aplicado por 20 minutos, duas a tr\u00eas vezes por semana, de acordo com o que a condi\u00e7\u00e3o m\u00e9dica exige para cada paciente.<\/p>\n<p>&nbsp;<\/p>\n<p>A caracter\u00edstica mais importante do tratamento de perda de cabelo a laser \u00e9 que \u00e9 f\u00e1cil e n\u00e3o requer interven\u00e7\u00e3o cir\u00fargica, como transplante de cabelo, e n\u00e3o \u00e9 necess\u00e1rio raspar ou cortar o cabelo. Pode ser realizada em todas as esta\u00e7\u00f5es, mesmo no ver\u00e3o, porque n\u00e3o causa efeitos colaterais. E pode tratar muitas condi\u00e7\u00f5es, como alopecia androgen\u00e9tica. Tamb\u00e9m ajuda a parar a queda de cabelo em at\u00e9 85%. No entanto, leva um longo per\u00edodo, que pode chegar a mais de um ano, para que seus resultados apare\u00e7am com clareza, e pode n\u00e3o ser indicado para pessoas que fazem uso de determinados tipos de medicamentos.<\/p>\n<p>&nbsp;<\/p>\n<p>O custo do tratamento a laser para queda de cabelo varia de acordo com cada caso e \u00e9 calculado de acordo com o n\u00famero de sess\u00f5es, a dura\u00e7\u00e3o de cada sess\u00e3o e o tipo de aparelho utilizado no tratamento.<\/p>\n<p>&nbsp;<\/p>\n<p>Se voc\u00ea prefere solu\u00e7\u00f5es r\u00e1pidas e duradouras, deve recorrer ao transplante capilar. Voc\u00ea n\u00e3o encontrar\u00e1 um lugar melhor do que EstePol Hair para fazer um transplante de cabelo. Nosso centro foi premiado como o Melhor Centro de Transplante Capilar na Turquia por 3 anos consecutivos.<\/p>\n<h2>transplante de cabelo<\/h2>\n<p><img loading=\"lazy\" decoding=\"async\" class=\"alignnone size-full wp-image-2679\" src=\"https:\/\/estepolhair.com\/wp-content\/uploads\/2022\/12\/Hair-Transplant-2.jpg\" alt=\"Hair Transplant.jp\" width=\"1337\" height=\"440\" srcset=\"https:\/\/estepolhair.com\/wp-content\/uploads\/2022\/12\/Hair-Transplant-2.jpg 1337w, https:\/\/estepolhair.com\/wp-content\/uploads\/2022\/12\/Hair-Transplant-2-300x99.jpg 300w, https:\/\/estepolhair.com\/wp-content\/uploads\/2022\/12\/Hair-Transplant-2-1024x337.jpg 1024w, https:\/\/estepolhair.com\/wp-content\/uploads\/2022\/12\/Hair-Transplant-2-768x253.jpg 768w\" sizes=\"auto, (max-width: 1337px) 100vw, 1337px\" \/><\/p>\n<p>O transplante capilar \u00e9 feito pela transfer\u00eancia de fol\u00edculos pilosos de uma \u00e1rea do corpo. Principalmente, a \u00e1rea na parte de tr\u00e1s da cabe\u00e7a, que cont\u00e9m uma quantidade densa de cabelo, para as \u00e1reas a serem transplantadas, que n\u00e3o cont\u00eam cabelo ou sofrem de forte queda de cabelo.<\/p>\n<p>&nbsp;<\/p>\n<p>As t\u00e9cnicas de transplante de cabelo mais populares:<\/p>\n<ul>\n<li>\n<h3>t\u00e9cnica FUE<\/h3>\n<\/li>\n<\/ul>\n<p>\u00c9 o processo de colher fol\u00edculos pilosos naturais e depois cultiv\u00e1-los em \u00e1reas vazias. Esta opera\u00e7\u00e3o \u00e9 caracterizada pela aus\u00eancia da necessidade de fazer uma incis\u00e3o ou cirurgia na cabe\u00e7a. Mas sua desvantagem \u00e9 o n\u00famero limitado de fol\u00edculos que podem ser extra\u00eddos da \u00e1rea doadora.<\/p>\n<ul>\n<li>\n<h3>Transplante de cabelo DHI (canetas Choi)<\/h3>\n<\/li>\n<\/ul>\n<p>A t\u00e9cnica de transplante capilar mais urgente na Turquia, esta t\u00e9cnica abre canais no couro cabeludo e depois transplanta os fol\u00edculos capilares no local desejado usando canetas Choi, que \u00e9 uma ferramenta em forma de l\u00e1pis que cont\u00e9m uma agulha oca em uma das pontas. seu baixo custo e resultados garantidos.<\/p>\n<ul>\n<li>\n<h3>Tecnologia de caneta de safira<\/h3>\n<\/li>\n<\/ul>\n<p>\u00c9 uma t\u00e9cnica muito sofisticada e precisa no mundo do transplante de cabelo e \u00e9 feita usando agulhas de cabe\u00e7a fina produzidas a partir do precioso metal safira. O aparato da safira contribui para a abertura dos canais agr\u00edcolas com mais precis\u00e3o, o que contribui para a r\u00e1pida recupera\u00e7\u00e3o da regi\u00e3o.<\/p>\n<ul>\n<li>\n<h3>T\u00e9cnica Afro<\/h3>\n<\/li>\n<\/ul>\n<p>\u00c9 o processo de transplante capilar para pessoas de pele morena que possuem cabelos crespos ou os chamados cabelos africanos. \u00c9 considerada a opera\u00e7\u00e3o de transplante capilar mais complicada devido \u00e0 natureza e densidade do cabelo<\/p>\n<p>&nbsp;<\/p>\n<h2><strong>Quando o cabelo transplantado come\u00e7a a crescer?<\/strong><\/h2>\n<p>O resultado do crescimento do cabelo transplantado \u00e9 afetado pela t\u00e9cnica utilizada, o m\u00e9todo de prepara\u00e7\u00e3o dos fol\u00edculos e o m\u00e9todo de armazenamento, mas voc\u00ea pode notar o crescimento parcial do cabelo em tr\u00eas meses e o crescimento total do cabelo leva cerca de um ano.<\/p>\n<p>&nbsp;<\/p>\n<h2><strong>O cabelo transplantado cai?<\/strong><\/h2>\n<p>&nbsp;<\/p>\n<p>Se a t\u00e9cnica de transplante de cabelo for usada corretamente e voc\u00ea seguir as instru\u00e7\u00f5es do m\u00e9dico, o cabelo transplantado cresce e n\u00e3o cai, e esse recurso permanece na \u00e1rea onde voc\u00ea transplantou.<\/p>\n<p>&nbsp;<\/p>\n<p>O transplante capilar geralmente leva longas horas, podendo chegar a 8 horas, dependendo de cada caso. O custo do transplante capilar na Turquia varia de acordo com a t\u00e9cnica utilizada no transplante, o n\u00famero de fol\u00edculos cultivados e a dura\u00e7\u00e3o da opera\u00e7\u00e3o. Mas o custo do transplante de cabelo na Turquia permanece muito menor do que em outros pa\u00edses do mundo.<\/p>\n<p>&nbsp;<\/p>\n<p>Se voc\u00ea sofre de queda de cabelo ou calv\u00edcie e n\u00e3o deseja solu\u00e7\u00f5es tempor\u00e1rias caras, recomendamos que entre em contato conosco no Estapol Hair Center. Onde voc\u00ea pode obter uma consulta gratuita da melhor equipe m\u00e9dica especializada e de um centro capilar que ganhou o pr\u00eamio de melhor centro de transplante capilar na Turquia por tr\u00eas anos consecutivos.<\/p>\n<p>&nbsp;<\/p>\n<p>&nbsp;<\/p>\n","protected":false},"excerpt":{"rendered":"<p>A perda de cabelo di\u00e1ria \u00e9 uma ocorr\u00eancia natural. Voc\u00ea pode notar queda de cabelo na escova enquanto penteia, no travesseiro ou no chuveiro. Isso faz parte do processo de renova\u00e7\u00e3o do cabelo, pois novos fol\u00edculos crescem para substituir os fol\u00edculos perdidos, mas esse processo pode ser interrompido por raz\u00f5es gen\u00e9ticas, resultando em calv\u00edcie. A [&hellip;]<\/p>\n","protected":false},"author":1,"featured_media":2028,"comment_status":"open","ping_status":"open","sticky":false,"template":"","format":"standard","meta":{"footnotes":""},"categories":[14],"tags":[],"class_list":["post-2182","post","type-post","status-publish","format-standard","has-post-thumbnail","hentry","category-sem-categoria"],"acf":[],"yoast_head":"<!-- This site is optimized with the Yoast SEO Premium plugin v17.9 (Yoast SEO v20.0) - https:\/\/yoast.com\/wordpress\/plugins\/seo\/ -->\n<title>A maneira mais eficaz de tratar a queda de cabelo | Estepol Hair Center<\/title>\n<meta name=\"robots\" content=\"index, follow, max-snippet:-1, max-image-preview:large, max-video-preview:-1\" \/>\n<link rel=\"canonical\" href=\"https:\/\/estepolhair.com\/pt-pt\/a-maneira-mais-eficaz-de-tratar-a-queda-de-cabelo\/\" \/>\n<meta property=\"og:locale\" content=\"pt_PT\" \/>\n<meta property=\"og:type\" content=\"article\" \/>\n<meta property=\"og:title\" content=\"A maneira mais eficaz de tratar a queda de cabelo\" \/>\n<meta property=\"og:description\" content=\"A perda de cabelo di\u00e1ria \u00e9 uma ocorr\u00eancia natural. Voc\u00ea pode notar queda de cabelo na escova enquanto penteia, no travesseiro ou no chuveiro. Isso faz parte do processo de renova\u00e7\u00e3o do cabelo, pois novos fol\u00edculos crescem para substituir os fol\u00edculos perdidos, mas esse processo pode ser interrompido por raz\u00f5es gen\u00e9ticas, resultando em calv\u00edcie. A [&hellip;]\" \/>\n<meta property=\"og:url\" content=\"https:\/\/estepolhair.com\/pt-pt\/a-maneira-mais-eficaz-de-tratar-a-queda-de-cabelo\/\" \/>\n<meta property=\"og:site_name\" content=\"Estepol Hair Center\" \/>\n<meta property=\"article:publisher\" content=\"https:\/\/www.facebook.com\/HairtransplantEstepolEnglish\" \/>\n<meta property=\"article:published_time\" content=\"2022-12-29T12:50:58+00:00\" \/>\n<meta property=\"article:modified_time\" content=\"2023-02-03T08:56:09+00:00\" \/>\n<meta property=\"og:image\" content=\"https:\/\/estepolhair.com\/wp-content\/uploads\/2023\/01\/Avoid-Failure-Hair-Transplant.jpg\" \/>\n\t<meta property=\"og:image:width\" content=\"683\" \/>\n\t<meta property=\"og:image:height\" content=\"441\" \/>\n\t<meta property=\"og:image:type\" content=\"image\/jpeg\" \/>\n<meta name=\"author\" content=\"admin\" \/>\n<meta name=\"twitter:card\" content=\"summary_large_image\" \/>\n<meta name=\"twitter:label1\" content=\"Escrito por\" \/>\n\t<meta name=\"twitter:data1\" content=\"admin\" \/>\n\t<meta name=\"twitter:label2\" content=\"Tempo estimado de leitura\" \/>\n\t<meta name=\"twitter:data2\" content=\"7 minutos\" \/>\n<script type=\"application\/ld+json\" class=\"yoast-schema-graph\">{\"@context\":\"https:\/\/schema.org\",\"@graph\":[{\"@type\":\"Article\",\"@id\":\"https:\/\/estepolhair.com\/pt-pt\/a-maneira-mais-eficaz-de-tratar-a-queda-de-cabelo\/#article\",\"isPartOf\":{\"@id\":\"https:\/\/estepolhair.com\/pt-pt\/a-maneira-mais-eficaz-de-tratar-a-queda-de-cabelo\/\"},\"author\":{\"name\":\"admin\",\"@id\":\"https:\/\/estepolhair.com\/pt-pt\/#\/schema\/person\/7136ced6a67d9016a4b10542cecc4030\"},\"headline\":\"A maneira mais eficaz de tratar a queda de cabelo\",\"datePublished\":\"2022-12-29T12:50:58+00:00\",\"dateModified\":\"2023-02-03T08:56:09+00:00\",\"mainEntityOfPage\":{\"@id\":\"https:\/\/estepolhair.com\/pt-pt\/a-maneira-mais-eficaz-de-tratar-a-queda-de-cabelo\/\"},\"wordCount\":1597,\"commentCount\":0,\"publisher\":{\"@id\":\"https:\/\/estepolhair.com\/pt-pt\/#organization\"},\"inLanguage\":\"pt-PT\",\"potentialAction\":[{\"@type\":\"CommentAction\",\"name\":\"Comment\",\"target\":[\"https:\/\/estepolhair.com\/pt-pt\/a-maneira-mais-eficaz-de-tratar-a-queda-de-cabelo\/#respond\"]}]},{\"@type\":\"WebPage\",\"@id\":\"https:\/\/estepolhair.com\/pt-pt\/a-maneira-mais-eficaz-de-tratar-a-queda-de-cabelo\/\",\"url\":\"https:\/\/estepolhair.com\/pt-pt\/a-maneira-mais-eficaz-de-tratar-a-queda-de-cabelo\/\",\"name\":\"A maneira mais eficaz de tratar a queda de cabelo | Estepol Hair Center\",\"isPartOf\":{\"@id\":\"https:\/\/estepolhair.com\/pt-pt\/#website\"},\"datePublished\":\"2022-12-29T12:50:58+00:00\",\"dateModified\":\"2023-02-03T08:56:09+00:00\",\"breadcrumb\":{\"@id\":\"https:\/\/estepolhair.com\/pt-pt\/a-maneira-mais-eficaz-de-tratar-a-queda-de-cabelo\/#breadcrumb\"},\"inLanguage\":\"pt-PT\",\"potentialAction\":[{\"@type\":\"ReadAction\",\"target\":[\"https:\/\/estepolhair.com\/pt-pt\/a-maneira-mais-eficaz-de-tratar-a-queda-de-cabelo\/\"]}]},{\"@type\":\"BreadcrumbList\",\"@id\":\"https:\/\/estepolhair.com\/pt-pt\/a-maneira-mais-eficaz-de-tratar-a-queda-de-cabelo\/#breadcrumb\",\"itemListElement\":[{\"@type\":\"ListItem\",\"position\":1,\"name\":\"Home\",\"item\":\"https:\/\/estepolhair.com\/pt-pt\/casa\/\"},{\"@type\":\"ListItem\",\"position\":2,\"name\":\"A maneira mais eficaz de tratar a queda de cabelo\"}]},{\"@type\":\"WebSite\",\"@id\":\"https:\/\/estepolhair.com\/pt-pt\/#website\",\"url\":\"https:\/\/estepolhair.com\/pt-pt\/\",\"name\":\"Estepol Hair Center\",\"description\":\"\",\"publisher\":{\"@id\":\"https:\/\/estepolhair.com\/pt-pt\/#organization\"},\"potentialAction\":[{\"@type\":\"SearchAction\",\"target\":{\"@type\":\"EntryPoint\",\"urlTemplate\":\"https:\/\/estepolhair.com\/pt-pt\/?s={search_term_string}\"},\"query-input\":\"required name=search_term_string\"}],\"inLanguage\":\"pt-PT\"},{\"@type\":\"Organization\",\"@id\":\"https:\/\/estepolhair.com\/pt-pt\/#organization\",\"name\":\"Estepol Hair Center\",\"url\":\"https:\/\/estepolhair.com\/pt-pt\/\",\"logo\":{\"@type\":\"ImageObject\",\"inLanguage\":\"pt-PT\",\"@id\":\"https:\/\/estepolhair.com\/pt-pt\/#\/schema\/logo\/image\/\",\"url\":\"https:\/\/estepolhair.com\/wp-content\/uploads\/2022\/10\/logo-2.png\",\"contentUrl\":\"https:\/\/estepolhair.com\/wp-content\/uploads\/2022\/10\/logo-2.png\",\"width\":249,\"height\":91,\"caption\":\"Estepol Hair Center\"},\"image\":{\"@id\":\"https:\/\/estepolhair.com\/pt-pt\/#\/schema\/logo\/image\/\"},\"sameAs\":[\"https:\/\/www.youtube.com\/channel\/UCsD6MLE9FmZnDVARWgi292A\",\"https:\/\/www.instagram.com\/hairtransplant_estepol_english\",\"https:\/\/www.facebook.com\/HairtransplantEstepolEnglish\"]},{\"@type\":\"Person\",\"@id\":\"https:\/\/estepolhair.com\/pt-pt\/#\/schema\/person\/7136ced6a67d9016a4b10542cecc4030\",\"name\":\"admin\",\"image\":{\"@type\":\"ImageObject\",\"inLanguage\":\"pt-PT\",\"@id\":\"https:\/\/estepolhair.com\/pt-pt\/#\/schema\/person\/image\/\",\"url\":\"https:\/\/secure.gravatar.com\/avatar\/01ff8d8ee1e82285a18fb04988ceddf146f0c48d68d5fbebd93e9232fab2c802?s=96&d=mm&r=g\",\"contentUrl\":\"https:\/\/secure.gravatar.com\/avatar\/01ff8d8ee1e82285a18fb04988ceddf146f0c48d68d5fbebd93e9232fab2c802?s=96&d=mm&r=g\",\"caption\":\"admin\"},\"sameAs\":[\"http:\/\/estepolhair.com\"]}]}<\/script>\n<!-- \/ Yoast SEO Premium plugin. -->","yoast_head_json":{"title":"A maneira mais eficaz de tratar a queda de cabelo | Estepol Hair Center","robots":{"index":"index","follow":"follow","max-snippet":"max-snippet:-1","max-image-preview":"max-image-preview:large","max-video-preview":"max-video-preview:-1"},"canonical":"https:\/\/estepolhair.com\/pt-pt\/a-maneira-mais-eficaz-de-tratar-a-queda-de-cabelo\/","og_locale":"pt_PT","og_type":"article","og_title":"A maneira mais eficaz de tratar a queda de cabelo","og_description":"A perda de cabelo di\u00e1ria \u00e9 uma ocorr\u00eancia natural. Voc\u00ea pode notar queda de cabelo na escova enquanto penteia, no travesseiro ou no chuveiro. Isso faz parte do processo de renova\u00e7\u00e3o do cabelo, pois novos fol\u00edculos crescem para substituir os fol\u00edculos perdidos, mas esse processo pode ser interrompido por raz\u00f5es gen\u00e9ticas, resultando em calv\u00edcie. A [&hellip;]","og_url":"https:\/\/estepolhair.com\/pt-pt\/a-maneira-mais-eficaz-de-tratar-a-queda-de-cabelo\/","og_site_name":"Estepol Hair Center","article_publisher":"https:\/\/www.facebook.com\/HairtransplantEstepolEnglish","article_published_time":"2022-12-29T12:50:58+00:00","article_modified_time":"2023-02-03T08:56:09+00:00","og_image":[{"width":683,"height":441,"url":"https:\/\/estepolhair.com\/wp-content\/uploads\/2023\/01\/Avoid-Failure-Hair-Transplant.jpg","type":"image\/jpeg"}],"author":"admin","twitter_card":"summary_large_image","twitter_misc":{"Escrito por":"admin","Tempo estimado de leitura":"7 minutos"},"schema":{"@context":"https:\/\/schema.org","@graph":[{"@type":"Article","@id":"https:\/\/estepolhair.com\/pt-pt\/a-maneira-mais-eficaz-de-tratar-a-queda-de-cabelo\/#article","isPartOf":{"@id":"https:\/\/estepolhair.com\/pt-pt\/a-maneira-mais-eficaz-de-tratar-a-queda-de-cabelo\/"},"author":{"name":"admin","@id":"https:\/\/estepolhair.com\/pt-pt\/#\/schema\/person\/7136ced6a67d9016a4b10542cecc4030"},"headline":"A maneira mais eficaz de tratar a queda de cabelo","datePublished":"2022-12-29T12:50:58+00:00","dateModified":"2023-02-03T08:56:09+00:00","mainEntityOfPage":{"@id":"https:\/\/estepolhair.com\/pt-pt\/a-maneira-mais-eficaz-de-tratar-a-queda-de-cabelo\/"},"wordCount":1597,"commentCount":0,"publisher":{"@id":"https:\/\/estepolhair.com\/pt-pt\/#organization"},"inLanguage":"pt-PT","potentialAction":[{"@type":"CommentAction","name":"Comment","target":["https:\/\/estepolhair.com\/pt-pt\/a-maneira-mais-eficaz-de-tratar-a-queda-de-cabelo\/#respond"]}]},{"@type":"WebPage","@id":"https:\/\/estepolhair.com\/pt-pt\/a-maneira-mais-eficaz-de-tratar-a-queda-de-cabelo\/","url":"https:\/\/estepolhair.com\/pt-pt\/a-maneira-mais-eficaz-de-tratar-a-queda-de-cabelo\/","name":"A maneira mais eficaz de tratar a queda de cabelo | Estepol Hair Center","isPartOf":{"@id":"https:\/\/estepolhair.com\/pt-pt\/#website"},"datePublished":"2022-12-29T12:50:58+00:00","dateModified":"2023-02-03T08:56:09+00:00","breadcrumb":{"@id":"https:\/\/estepolhair.com\/pt-pt\/a-maneira-mais-eficaz-de-tratar-a-queda-de-cabelo\/#breadcrumb"},"inLanguage":"pt-PT","potentialAction":[{"@type":"ReadAction","target":["https:\/\/estepolhair.com\/pt-pt\/a-maneira-mais-eficaz-de-tratar-a-queda-de-cabelo\/"]}]},{"@type":"BreadcrumbList","@id":"https:\/\/estepolhair.com\/pt-pt\/a-maneira-mais-eficaz-de-tratar-a-queda-de-cabelo\/#breadcrumb","itemListElement":[{"@type":"ListItem","position":1,"name":"Home","item":"https:\/\/estepolhair.com\/pt-pt\/casa\/"},{"@type":"ListItem","position":2,"name":"A maneira mais eficaz de tratar a queda de cabelo"}]},{"@type":"WebSite","@id":"https:\/\/estepolhair.com\/pt-pt\/#website","url":"https:\/\/estepolhair.com\/pt-pt\/","name":"Estepol Hair Center","description":"","publisher":{"@id":"https:\/\/estepolhair.com\/pt-pt\/#organization"},"potentialAction":[{"@type":"SearchAction","target":{"@type":"EntryPoint","urlTemplate":"https:\/\/estepolhair.com\/pt-pt\/?s={search_term_string}"},"query-input":"required name=search_term_string"}],"inLanguage":"pt-PT"},{"@type":"Organization","@id":"https:\/\/estepolhair.com\/pt-pt\/#organization","name":"Estepol Hair Center","url":"https:\/\/estepolhair.com\/pt-pt\/","logo":{"@type":"ImageObject","inLanguage":"pt-PT","@id":"https:\/\/estepolhair.com\/pt-pt\/#\/schema\/logo\/image\/","url":"https:\/\/estepolhair.com\/wp-content\/uploads\/2022\/10\/logo-2.png","contentUrl":"https:\/\/estepolhair.com\/wp-content\/uploads\/2022\/10\/logo-2.png","width":249,"height":91,"caption":"Estepol Hair Center"},"image":{"@id":"https:\/\/estepolhair.com\/pt-pt\/#\/schema\/logo\/image\/"},"sameAs":["https:\/\/www.youtube.com\/channel\/UCsD6MLE9FmZnDVARWgi292A","https:\/\/www.instagram.com\/hairtransplant_estepol_english","https:\/\/www.facebook.com\/HairtransplantEstepolEnglish"]},{"@type":"Person","@id":"https:\/\/estepolhair.com\/pt-pt\/#\/schema\/person\/7136ced6a67d9016a4b10542cecc4030","name":"admin","image":{"@type":"ImageObject","inLanguage":"pt-PT","@id":"https:\/\/estepolhair.com\/pt-pt\/#\/schema\/person\/image\/","url":"https:\/\/secure.gravatar.com\/avatar\/01ff8d8ee1e82285a18fb04988ceddf146f0c48d68d5fbebd93e9232fab2c802?s=96&d=mm&r=g","contentUrl":"https:\/\/secure.gravatar.com\/avatar\/01ff8d8ee1e82285a18fb04988ceddf146f0c48d68d5fbebd93e9232fab2c802?s=96&d=mm&r=g","caption":"admin"},"sameAs":["http:\/\/estepolhair.com"]}]}},"_links":{"self":[{"href":"https:\/\/estepolhair.com\/pt-pt\/wp-json\/wp\/v2\/posts\/2182","targetHints":{"allow":["GET"]}}],"collection":[{"href":"https:\/\/estepolhair.com\/pt-pt\/wp-json\/wp\/v2\/posts"}],"about":[{"href":"https:\/\/estepolhair.com\/pt-pt\/wp-json\/wp\/v2\/types\/post"}],"author":[{"embeddable":true,"href":"https:\/\/estepolhair.com\/pt-pt\/wp-json\/wp\/v2\/users\/1"}],"replies":[{"embeddable":true,"href":"https:\/\/estepolhair.com\/pt-pt\/wp-json\/wp\/v2\/comments?post=2182"}],"version-history":[{"count":4,"href":"https:\/\/estepolhair.com\/pt-pt\/wp-json\/wp\/v2\/posts\/2182\/revisions"}],"predecessor-version":[{"id":2718,"href":"https:\/\/estepolhair.com\/pt-pt\/wp-json\/wp\/v2\/posts\/2182\/revisions\/2718"}],"wp:featuredmedia":[{"embeddable":true,"href":"https:\/\/estepolhair.com\/pt-pt\/wp-json\/wp\/v2\/media\/2028"}],"wp:attachment":[{"href":"https:\/\/estepolhair.com\/pt-pt\/wp-json\/wp\/v2\/media?parent=2182"}],"wp:term":[{"taxonomy":"category","embeddable":true,"href":"https:\/\/estepolhair.com\/pt-pt\/wp-json\/wp\/v2\/categories?post=2182"},{"taxonomy":"post_tag","embeddable":true,"href":"https:\/\/estepolhair.com\/pt-pt\/wp-json\/wp\/v2\/tags?post=2182"}],"curies":[{"name":"wp","href":"https:\/\/api.w.org\/{rel}","templated":true}]}}